{"id":2740,"date":"2021-01-16T22:48:09","date_gmt":"2021-01-16T21:48:09","guid":{"rendered":"https:\/\/aromapflege.tirol\/?p=2740"},"modified":"2021-03-11T23:54:10","modified_gmt":"2021-03-11T22:54:10","slug":"poleceni-zenske-energie","status":"publish","type":"post","link":"https:\/\/aromapflege.tirol\/cs\/poleceni-zenske-energie\/","title":{"rendered":"Pol\u00e9\u010den\u00ed \u017eensk\u00e9 energie"},"content":{"rendered":"<p class=\"gmql0nx0 l94mrbxd p1ri9a11 lzcic4wl n851cfcs\" dir=\"auto\"><span class=\"d2edcug0 hpfvmrgz qv66sw1b c1et5uql oi732d6d ik7dh3pa fgxwclzu o3w64lxj b2s5l15y knj5qynh oo9gr5id\"><em>Psala jsem, ze v\u00e1m o tom nap\u00ed\u0161u.<\/em> <\/span><em><span class=\"d2edcug0 hpfvmrgz qv66sw1b c1et5uql oi732d6d ik7dh3pa fgxwclzu jq4qci2q a3bd9o3v knj5qynh oo9gr5id\">No, to mus\u00edm. Tahle sm\u011bs byla pro jednu pan\u00ed \u201cbo\u017eskou\u201d a vlastn\u011b se j\u00ed ta sm\u011bs trochu i podob\u00e1. <span class=\"pq6dq46d tbxw36s4 knj5qynh kvgmc6g5 ditlmg2l oygrvhab nvdbi5me sf5mxxl7 gl3lb2sf hhz5lgdu\"><img loading=\"lazy\" decoding=\"async\" src=\"https:\/\/static.xx.fbcdn.net\/images\/emoji.php\/v9\/teb\/2\/16\/1f642.png\" alt=\"\ud83d\ude42\" width=\"16\" height=\"16\" \/><\/span><\/span><\/em><\/p>\n<div class=\"bi6gxh9e\"><span class=\"d2edcug0 hpfvmrgz qv66sw1b c1et5uql oi732d6d ik7dh3pa fgxwclzu jq4qci2q a3bd9o3v knj5qynh oo9gr5id\">Jde o <b>sm\u011bs bylinek na pol\u00e9\u010den\u00ed \u017eensk\u00e9 energie<\/b>, \u017eensk\u00e9ho l\u016fna i \u017eensk\u00e9ho ega. \u017densk\u00e9 ego b\u00fdv\u00e1 n\u011bkdy vedle mu\u017ee malink\u00e9, \u0159ekla bych: \u201ctakov\u00e9 u\u0161l\u00e1pnut\u00e9\u201d a trochu trp\u00ed.<\/span><\/div>\n<h2 class=\"gmql0nx0 l94mrbxd p1ri9a11 lzcic4wl n851cfcs n1l5q3vz\" dir=\"auto\"><span class=\"d2edcug0 hpfvmrgz qv66sw1b c1et5uql oi732d6d ik7dh3pa fgxwclzu o3w64lxj b2s5l15y knj5qynh oo9gr5id\">Ve sm\u011bsi se nach\u00e1z\u00ed tyto horsk\u00e9 bylinky:<\/span><\/h2>\n<h3 class=\"gmql0nx0 l94mrbxd p1ri9a11 lzcic4wl oud54xpy sqxagodl ku2m03ct\" dir=\"auto\"><span class=\"d2edcug0 hpfvmrgz qv66sw1b c1et5uql oi732d6d ik7dh3pa fgxwclzu jq4qci2q a3bd9o3v hnhda86s m9osqain\"><b>P\u011aNI\u0160N\u00cdK<\/b> (<i>FLOS)<\/i> <i>RHODODENDRON FERRUGINEUM <\/i><\/span><\/h3>\n<ul class=\"bi6gxh9e aov4n071 fjf4s8hc mf5omzu7\">\n<li>\n<div class=\"bi6gxh9e\"><span class=\"d2edcug0 hpfvmrgz qv66sw1b c1et5uql oi732d6d ik7dh3pa fgxwclzu jq4qci2q a3bd9o3v knj5qynh oo9gr5id\">n\u011bkdy ozna\u010dov\u00e1n jako horsk\u00e1 r\u016f\u017ee <\/span><\/div>\n<\/li>\n<\/ul>\n<div class=\"bi6gxh9e\"><span class=\"d2edcug0 hpfvmrgz qv66sw1b c1et5uql oi732d6d ik7dh3pa fgxwclzu jq4qci2q a3bd9o3v knj5qynh oo9gr5id\">Vlastn\u011b <b>jde o druh rododendronu<\/b>, kter\u00fd roste hodne vysoko. M\u00e1 nachov\u011b \u010dervenou barvu, kter\u00e1 \u00fadajn\u011b <b>slu\u0161\u00ed ka\u017ed\u00e9 \u017een\u011b<\/b>. Usu\u0161en nem\u00e1 v\u00fdraznou v\u016fni, zato velmi tuh\u00fd, \u0159ekla bych a\u017e tvrd\u00fd, a <b>p\u0159ekr\u00e1sn\u00fd kv\u011bt,<\/b> kter\u00fd zaujme tak\u00e9 t\u00edm, \u017ee kdy\u017e je na ke\u0159i, zbarv\u00ed do r\u016f\u017eov\u00e1 cel\u00e9 kopce.<\/span><\/div>\n<div class=\"bi6gxh9e\"><span class=\"d2edcug0 hpfvmrgz qv66sw1b c1et5uql oi732d6d ik7dh3pa fgxwclzu jq4qci2q a3bd9o3v knj5qynh oo9gr5id\">Jeho <b>odolnost a bezpe\u010dn\u00e1 d\u00e1vka jedu<\/b>, <b>sladk\u00fd nektar<\/b> a <b>boj o p\u0159e\u017eit\u00ed v nehostinn\u00fdch podm\u00ednk\u00e1ch + s\u00edla komunity<\/b>, ve kter\u00e9 \u017eije &#8211; to je to, co \u017een\u011b muze p\u0159edat.<\/span><\/div>\n<div class=\"bi6gxh9e\"><\/div>\n<h3 class=\"gmql0nx0 l94mrbxd p1ri9a11 lzcic4wl oud54xpy sqxagodl ku2m03ct\" dir=\"auto\"><span class=\"d2edcug0 hpfvmrgz qv66sw1b c1et5uql oi732d6d ik7dh3pa fgxwclzu jq4qci2q a3bd9o3v hnhda86s m9osqain\"><b>\u0158EB\u0158\u00cd\u010cEK<\/b> <i>ACHILLEA IMPUNCTATA<\/i> VEST<\/span><\/h3>\n<ul class=\"bi6gxh9e aov4n071 fjf4s8hc mf5omzu7\">\n<li>\n<div class=\"bi6gxh9e\"><span class=\"d2edcug0 hpfvmrgz qv66sw1b c1et5uql oi732d6d ik7dh3pa fgxwclzu jq4qci2q a3bd9o3v knj5qynh oo9gr5id\">se n\u00e1m u\u017e p\u0159edstavil <\/span><\/div>\n<\/li>\n<\/ul>\n<div class=\"bi6gxh9e\"><span class=\"d2edcug0 hpfvmrgz qv66sw1b c1et5uql oi732d6d ik7dh3pa fgxwclzu jq4qci2q a3bd9o3v knj5qynh oo9gr5id\">Ov\u0161em <b>tento je trochu jin\u00fd<\/b>. Nen\u00ed tak ocelov\u00fd. Naopak. Je <b>velmi ohebn\u00fd a zakrsl\u00fd.\u00a0<\/b>Je to tzv. trpasli\u010d\u00ed \u0159eb\u0159\u00ed\u010dek. <b>Nen\u00ed to ten bojovn\u00edk, ale jemn\u00fd pomocn\u00edk.\u00a0<\/b><\/span><span class=\"d2edcug0 hpfvmrgz qv66sw1b c1et5uql oi732d6d ik7dh3pa fgxwclzu jq4qci2q a3bd9o3v knj5qynh oo9gr5id\"><b>M\u00e1 v sob\u011b velmi koncentrovan\u00e9 l\u00e1tky<\/b>, v\u010detn\u011b chamazulenu. Ten sice modr\u00e1 a\u017e po destilaci, tak\u017ee nejde vid\u011bt, ale <b>c\u00edtit ho m\u016f\u017eeme u\u017e v rostlin\u011b.<\/b> Jeho typick\u00e1 he\u0159m\u00e1nkov\u00e1 v\u016fn\u011b prozrazuje, ze <b>tenhle druh je hojiv\u00e1 bomba<\/b>.<\/span><\/div>\n<div class=\"bi6gxh9e\"><\/div>\n<h3 class=\"gmql0nx0 l94mrbxd p1ri9a11 lzcic4wl oud54xpy sqxagodl ku2m03ct\" dir=\"auto\"><span class=\"d2edcug0 hpfvmrgz qv66sw1b c1et5uql oi732d6d ik7dh3pa fgxwclzu jq4qci2q a3bd9o3v hnhda86s m9osqain\"><b>JETEL<\/b> <i>TRIFOLIUM ALPINUM <\/i><\/span><\/h3>\n<ul class=\"bi6gxh9e aov4n071 fjf4s8hc mf5omzu7\">\n<li>\n<div class=\"bi6gxh9e\"><span class=\"d2edcug0 hpfvmrgz qv66sw1b c1et5uql oi732d6d ik7dh3pa fgxwclzu jq4qci2q a3bd9o3v knj5qynh oo9gr5id\">nen\u00ed jetel jako jetel <\/span><\/div>\n<\/li>\n<\/ul>\n<div class=\"bi6gxh9e\"><span class=\"d2edcug0 hpfvmrgz qv66sw1b c1et5uql oi732d6d ik7dh3pa fgxwclzu jq4qci2q a3bd9o3v knj5qynh oo9gr5id\">Tenhle si u mne <b>vy\u017eaduje pozornosti u\u017e par t\u00fddnu<\/b> a celkem se mi vet\u0159el do mysli, abych o n\u011bm napsala samostatn\u00fd p\u0159\u00edsp\u011bvek. Tak mu to dop\u0159eju. On si to i zaslou\u017e\u00ed.<\/span><\/div>\n<div class=\"bi6gxh9e\"><span class=\"d2edcug0 hpfvmrgz qv66sw1b c1et5uql oi732d6d ik7dh3pa fgxwclzu jq4qci2q a3bd9o3v knj5qynh oo9gr5id\"><b>Jeho bratrance z louky zn\u00e1me celkem v\u011brn\u011b<\/b> a v\u0161echno podstatn\u00e9 o n\u011bm vlastn\u011b u\u017e ztv\u00e1rnil Petr Skoumal v p\u00edsni o V\u010del\u00edch medv\u00eddc\u00edch &gt;&gt;&gt; <a class=\"oajrlxb2 g5ia77u1 qu0x051f esr5mh6w e9989ue4 r7d6kgcz rq0escxv nhd2j8a9 nc684nl6 p7hjln8o kvgmc6g5 cxmmr5t8 oygrvhab hcukyx3x jb3vyjys rz4wbd8a qt6c0cv9 a8nywdso i1ao9s8h esuyzwwr f1sip0of lzcic4wl oo9gr5id gpro0wi8 lrazzd5p\" tabindex=\"0\" role=\"link\" href=\"https:\/\/www.facebook.com\/1867480493538676\/posts\/1988965211390203\/?__cft__[0]=AZWFrfPKMPqrOEVIFNDatESTTCBje4_PVlR5dPDiuJONQTbdtqKWWH5la7k1HsuEm6gifstkhSKtmBu-me-4rl09-sPLkFYryPg76n9X4ozcXX-lAHGxaT_ylwvzxj6h2hf4Vwh0A0q7l2J7LApPGyGS&amp;__tn__=-UK-R\">https:\/\/www.facebook.com\/18674804&#8230;\/posts\/1988965211390203\/<\/a><\/span><\/div>\n<h3 class=\"gmql0nx0 l94mrbxd p1ri9a11 lzcic4wl oud54xpy sqxagodl ku2m03ct\" dir=\"auto\"><span class=\"d2edcug0 hpfvmrgz qv66sw1b c1et5uql oi732d6d ik7dh3pa fgxwclzu jq4qci2q a3bd9o3v hnhda86s m9osqain\"><b>KONTRYHEL<\/b> <i>ALCHEMILLA ALPINA<\/i><\/span><\/h3>\n<ul class=\"bi6gxh9e aov4n071 fjf4s8hc mf5omzu7\">\n<li>\n<div class=\"bi6gxh9e\"><span class=\"d2edcug0 hpfvmrgz qv66sw1b c1et5uql oi732d6d ik7dh3pa fgxwclzu jq4qci2q a3bd9o3v knj5qynh oo9gr5id\">je ta klasick\u00e1 \u017eensk\u00e1 bylinka. <\/span><\/div>\n<\/li>\n<\/ul>\n<div class=\"bi6gxh9e\"><span class=\"d2edcug0 hpfvmrgz qv66sw1b c1et5uql oi732d6d ik7dh3pa fgxwclzu jq4qci2q a3bd9o3v knj5qynh oo9gr5id\">I tento alpsk\u00fd, nebo-li st\u0159\u00edb\u0159it\u00fd, m\u00e1 ty stejne \u00fa\u010dinky jako ten \u017elutozelen\u00fd. A <b>krom\u011b toho tak\u00e9 p\u016fsob\u00ed blahod\u00e1rn\u011b na zrak.<\/b> Sice se \u0159\u00edk\u00e1: \u201cCo o\u010di nevid\u00ed, to srdce nebol\u00ed.\u201d, ale <b>bd\u011bl\u00e1 \u017eena by m\u011bla b\u00fdt neust\u00e1le ve st\u0159ehu.<\/b><\/span><\/div>\n<div class=\"jei6r52m\">\n<blockquote class=\"h2mp5456 mk2mc5f4 peup4ujy cxmmr5t8 hcukyx3x sej5wr8e aahdfvyu hv4rvrfc dati1w0a\"><p><span class=\"d2edcug0 hpfvmrgz qv66sw1b c1et5uql oi732d6d ik7dh3pa fgxwclzu jq4qci2q a3bd9o3v knj5qynh oo9gr5id\"><span class=\"d2edcug0 hpfvmrgz qv66sw1b c1et5uql oi732d6d ik7dh3pa fgxwclzu jq4qci2q a3bd9o3v knj5qynh m9osqain\">Tuhle sm\u011bs jsem sbirala pro jednu \u017eenu. Ale vid\u011bla ji jin\u00e1 \u017eena a cht\u011bla ji taky. Tak mne napadlo, \u017ee a\u017e ji budu zase sb\u00edrat, nasb\u00edram i pro dal\u0161\u00ed zeny, kter\u00e9 by ji t\u0159eba taky cht\u011bly. <span class=\"pq6dq46d tbxw36s4 knj5qynh kvgmc6g5 ditlmg2l oygrvhab nvdbi5me sf5mxxl7 gl3lb2sf hhz5lgdu\"><img loading=\"lazy\" decoding=\"async\" src=\"https:\/\/static.xx.fbcdn.net\/images\/emoji.php\/v9\/teb\/2\/16\/1f642.png\" alt=\"\ud83d\ude42\" width=\"16\" height=\"16\" \/><\/span><\/span><\/span><\/p><\/blockquote>\n<\/div>\n<h4 class=\"gmql0nx0 l94mrbxd p1ri9a11 lzcic4wl n851cfcs n1l5q3vz\" dir=\"auto\"><span class=\"d2edcug0 hpfvmrgz qv66sw1b c1et5uql oi732d6d ik7dh3pa fgxwclzu o3w64lxj b2s5l15y knj5qynh oo9gr5id\">Na \u010daj, na nap\u00e1\u0159ku i k vyku\u0159ov\u00e1n\u00ed bude dobr\u00e1. Kv\u011bty ponech\u00e1v\u00e1m cel\u00e9.<\/span><\/h4>\n<div class=\"jei6r52m\">\n<blockquote class=\"h2mp5456 mk2mc5f4 peup4ujy cxmmr5t8 hcukyx3x sej5wr8e aahdfvyu hv4rvrfc dati1w0a\"><p><span class=\"d2edcug0 hpfvmrgz qv66sw1b c1et5uql oi732d6d ik7dh3pa fgxwclzu jq4qci2q a3bd9o3v knj5qynh oo9gr5id\"><span class=\"d2edcug0 hpfvmrgz qv66sw1b c1et5uql oi732d6d ik7dh3pa fgxwclzu jq4qci2q a3bd9o3v knj5qynh m9osqain\">Ale <b>p\u0159idam tam je\u0161t\u011b pl\u00e1tky r\u016f\u017ee a trochu kv\u00edtku levandule. <\/b>P\u0159ece jen jejich v\u016fn\u011b celou sm\u011bs dokonale provon\u00ed a nav\u00edc i <b>srd\u00ed\u010dko pohlad\u00ed. A taky ho zchlad\u00ed<\/b> &#8211; to kdyby \u017eensk\u00e1 vid\u011bla to, co by nem\u011bla, nebo kdyby jej\u00ed srdce vzpl\u00e1lo pro mu\u017ee, kter\u00fd nem\u016f\u017ee&#8230; i to se \u017een\u00e1m st\u00e1v\u00e1.<\/span><\/span><\/p><\/blockquote>\n<\/div>\n","protected":false},"excerpt":{"rendered":"<p>\u017densk\u00e1 energie, tolik siln\u00e1 a z\u00e1rove\u0148 k\u0159ehk\u00e1, pot\u0159ebuje vedle mu\u017esk\u00e9 s\u00edly posilu. Tu lze hledat v bylin\u00e1ch, kter\u00e9 pozvedaj\u00ed krom\u011b ducha tak\u00e9 \u017eensk\u00e9 ego, l\u00e9\u010d\u00ed r\u016fzn\u00e9 bol\u00edstky, a\u0165 u\u017e ty na du\u0161i nebo na pochv\u011b.<\/p>\n","protected":false},"author":1,"featured_media":2741,"comment_status":"open","ping_status":"closed","sticky":false,"template":"","format":"standard","meta":{"_et_pb_use_builder":"","_et_pb_old_content":"","_et_gb_content_width":"","footnotes":""},"categories":[4],"tags":[102,71,70,101],"class_list":["post-2740","post","type-post","status-publish","format-standard","has-post-thumbnail","hentry","category-bylinky","tag-byliny-pro-zenu","tag-luno","tag-zenska-smes","tag-zenske-ego"],"yoast_head":"<!-- This site is optimized with the Yoast SEO plugin v27.5 - https:\/\/yoast.com\/product\/yoast-seo-wordpress\/ -->\n<title>Pol\u00e9\u010den\u00ed \u017eensk\u00e9 energie - aromapflege.tirol<\/title>\n<meta name=\"robots\" content=\"index, follow, max-snippet:-1, max-image-preview:large, max-video-preview:-1\" \/>\n<link rel=\"canonical\" href=\"https:\/\/aromapflege.tirol\/cs\/poleceni-zenske-energie\/\" \/>\n<meta property=\"og:locale\" content=\"cs_CZ\" \/>\n<meta property=\"og:type\" content=\"article\" \/>\n<meta property=\"og:title\" content=\"Pol\u00e9\u010den\u00ed \u017eensk\u00e9 energie - aromapflege.tirol\" \/>\n<meta property=\"og:description\" content=\"\u017densk\u00e1 energie, tolik siln\u00e1 a z\u00e1rove\u0148 k\u0159ehk\u00e1, pot\u0159ebuje vedle mu\u017esk\u00e9 s\u00edly posilu. Tu lze hledat v bylin\u00e1ch, kter\u00e9 pozvedaj\u00ed krom\u011b ducha tak\u00e9 \u017eensk\u00e9 ego, l\u00e9\u010d\u00ed r\u016fzn\u00e9 bol\u00edstky, a\u0165 u\u017e ty na du\u0161i nebo na pochv\u011b.\" \/>\n<meta property=\"og:url\" content=\"https:\/\/aromapflege.tirol\/cs\/poleceni-zenske-energie\/\" \/>\n<meta property=\"og:site_name\" content=\"aromapflege.tirol\" \/>\n<meta property=\"article:published_time\" content=\"2021-01-16T21:48:09+00:00\" \/>\n<meta property=\"article:modified_time\" content=\"2021-03-11T22:54:10+00:00\" \/>\n<meta property=\"og:image\" content=\"https:\/\/aromapflege.tirol\/wp-content\/uploads\/2021\/01\/IMG_4037-scaled-e1615503233919.jpeg\" \/>\n\t<meta property=\"og:image:width\" content=\"480\" \/>\n\t<meta property=\"og:image:height\" content=\"360\" \/>\n\t<meta property=\"og:image:type\" content=\"image\/jpeg\" \/>\n<meta name=\"author\" content=\"Veronika\" \/>\n<meta name=\"twitter:card\" content=\"summary_large_image\" \/>\n<meta name=\"twitter:label1\" content=\"Napsal(a)\" \/>\n\t<meta name=\"twitter:data1\" content=\"Veronika\" \/>\n\t<meta name=\"twitter:label2\" content=\"Odhadovan\u00e1 doba \u010dten\u00ed\" \/>\n\t<meta name=\"twitter:data2\" content=\"3 minuty\" \/>\n<script type=\"application\/ld+json\" class=\"yoast-schema-graph\">{\"@context\":\"https:\\\/\\\/schema.org\",\"@graph\":[{\"@type\":\"Article\",\"@id\":\"https:\\\/\\\/aromapflege.tirol\\\/cs\\\/poleceni-zenske-energie\\\/#article\",\"isPartOf\":{\"@id\":\"https:\\\/\\\/aromapflege.tirol\\\/cs\\\/poleceni-zenske-energie\\\/\"},\"author\":{\"name\":\"Veronika\",\"@id\":\"https:\\\/\\\/aromapflege.tirol\\\/cs\\\/#\\\/schema\\\/person\\\/bac5e755ac463f6bca2cd1c449700ba5\"},\"headline\":\"Pol\u00e9\u010den\u00ed \u017eensk\u00e9 energie\",\"datePublished\":\"2021-01-16T21:48:09+00:00\",\"dateModified\":\"2021-03-11T22:54:10+00:00\",\"mainEntityOfPage\":{\"@id\":\"https:\\\/\\\/aromapflege.tirol\\\/cs\\\/poleceni-zenske-energie\\\/\"},\"wordCount\":545,\"commentCount\":0,\"publisher\":{\"@id\":\"https:\\\/\\\/aromapflege.tirol\\\/cs\\\/#\\\/schema\\\/person\\\/bac5e755ac463f6bca2cd1c449700ba5\"},\"image\":{\"@id\":\"https:\\\/\\\/aromapflege.tirol\\\/cs\\\/poleceni-zenske-energie\\\/#primaryimage\"},\"thumbnailUrl\":\"https:\\\/\\\/aromapflege.tirol\\\/wp-content\\\/uploads\\\/2021\\\/01\\\/IMG_4037-scaled-e1615503233919.jpeg\",\"keywords\":[\"byliny pro \u017eenu\",\"l\u016fno\",\"\u017eensk\u00e1 sm\u011bs\",\"\u017eensk\u00e9 ego\"],\"articleSection\":[\"Bylinky\"],\"inLanguage\":\"cs\",\"potentialAction\":[{\"@type\":\"CommentAction\",\"name\":\"Comment\",\"target\":[\"https:\\\/\\\/aromapflege.tirol\\\/cs\\\/poleceni-zenske-energie\\\/#respond\"]}]},{\"@type\":\"WebPage\",\"@id\":\"https:\\\/\\\/aromapflege.tirol\\\/cs\\\/poleceni-zenske-energie\\\/\",\"url\":\"https:\\\/\\\/aromapflege.tirol\\\/cs\\\/poleceni-zenske-energie\\\/\",\"name\":\"Pol\u00e9\u010den\u00ed \u017eensk\u00e9 energie - aromapflege.tirol\",\"isPartOf\":{\"@id\":\"https:\\\/\\\/aromapflege.tirol\\\/cs\\\/#website\"},\"primaryImageOfPage\":{\"@id\":\"https:\\\/\\\/aromapflege.tirol\\\/cs\\\/poleceni-zenske-energie\\\/#primaryimage\"},\"image\":{\"@id\":\"https:\\\/\\\/aromapflege.tirol\\\/cs\\\/poleceni-zenske-energie\\\/#primaryimage\"},\"thumbnailUrl\":\"https:\\\/\\\/aromapflege.tirol\\\/wp-content\\\/uploads\\\/2021\\\/01\\\/IMG_4037-scaled-e1615503233919.jpeg\",\"datePublished\":\"2021-01-16T21:48:09+00:00\",\"dateModified\":\"2021-03-11T22:54:10+00:00\",\"breadcrumb\":{\"@id\":\"https:\\\/\\\/aromapflege.tirol\\\/cs\\\/poleceni-zenske-energie\\\/#breadcrumb\"},\"inLanguage\":\"cs\",\"potentialAction\":[{\"@type\":\"ReadAction\",\"target\":[\"https:\\\/\\\/aromapflege.tirol\\\/cs\\\/poleceni-zenske-energie\\\/\"]}]},{\"@type\":\"ImageObject\",\"inLanguage\":\"cs\",\"@id\":\"https:\\\/\\\/aromapflege.tirol\\\/cs\\\/poleceni-zenske-energie\\\/#primaryimage\",\"url\":\"https:\\\/\\\/aromapflege.tirol\\\/wp-content\\\/uploads\\\/2021\\\/01\\\/IMG_4037-scaled-e1615503233919.jpeg\",\"contentUrl\":\"https:\\\/\\\/aromapflege.tirol\\\/wp-content\\\/uploads\\\/2021\\\/01\\\/IMG_4037-scaled-e1615503233919.jpeg\",\"width\":480,\"height\":360},{\"@type\":\"BreadcrumbList\",\"@id\":\"https:\\\/\\\/aromapflege.tirol\\\/cs\\\/poleceni-zenske-energie\\\/#breadcrumb\",\"itemListElement\":[{\"@type\":\"ListItem\",\"position\":1,\"name\":\"Dom\u016f\",\"item\":\"https:\\\/\\\/aromapflege.tirol\\\/cs\\\/\"},{\"@type\":\"ListItem\",\"position\":2,\"name\":\"Pol\u00e9\u010den\u00ed \u017eensk\u00e9 energie\"}]},{\"@type\":\"WebSite\",\"@id\":\"https:\\\/\\\/aromapflege.tirol\\\/cs\\\/#website\",\"url\":\"https:\\\/\\\/aromapflege.tirol\\\/cs\\\/\",\"name\":\"aromapflege.tirol\",\"description\":\"Kr\u00e4uterkunde\\\/Aromaterapie, bylinky, zdrav\u00fd \u017eivotn\u00ed styl\",\"publisher\":{\"@id\":\"https:\\\/\\\/aromapflege.tirol\\\/cs\\\/#\\\/schema\\\/person\\\/bac5e755ac463f6bca2cd1c449700ba5\"},\"potentialAction\":[{\"@type\":\"SearchAction\",\"target\":{\"@type\":\"EntryPoint\",\"urlTemplate\":\"https:\\\/\\\/aromapflege.tirol\\\/cs\\\/?s={search_term_string}\"},\"query-input\":{\"@type\":\"PropertyValueSpecification\",\"valueRequired\":true,\"valueName\":\"search_term_string\"}}],\"inLanguage\":\"cs\"},{\"@type\":[\"Person\",\"Organization\"],\"@id\":\"https:\\\/\\\/aromapflege.tirol\\\/cs\\\/#\\\/schema\\\/person\\\/bac5e755ac463f6bca2cd1c449700ba5\",\"name\":\"Veronika\",\"image\":{\"@type\":\"ImageObject\",\"inLanguage\":\"cs\",\"@id\":\"https:\\\/\\\/aromapflege.tirol\\\/wp-content\\\/uploads\\\/2020\\\/11\\\/NemcovaLogo2.png\",\"url\":\"https:\\\/\\\/aromapflege.tirol\\\/wp-content\\\/uploads\\\/2020\\\/11\\\/NemcovaLogo2.png\",\"contentUrl\":\"https:\\\/\\\/aromapflege.tirol\\\/wp-content\\\/uploads\\\/2020\\\/11\\\/NemcovaLogo2.png\",\"width\":1916,\"height\":1229,\"caption\":\"Veronika\"},\"logo\":{\"@id\":\"https:\\\/\\\/aromapflege.tirol\\\/wp-content\\\/uploads\\\/2020\\\/11\\\/NemcovaLogo2.png\"},\"url\":\"https:\\\/\\\/aromapflege.tirol\\\/cs\\\/author\\\/admin4632\\\/\"}]}<\/script>\n<!-- \/ Yoast SEO plugin. -->","yoast_head_json":{"title":"Pol\u00e9\u010den\u00ed \u017eensk\u00e9 energie - aromapflege.tirol","robots":{"index":"index","follow":"follow","max-snippet":"max-snippet:-1","max-image-preview":"max-image-preview:large","max-video-preview":"max-video-preview:-1"},"canonical":"https:\/\/aromapflege.tirol\/cs\/poleceni-zenske-energie\/","og_locale":"cs_CZ","og_type":"article","og_title":"Pol\u00e9\u010den\u00ed \u017eensk\u00e9 energie - aromapflege.tirol","og_description":"\u017densk\u00e1 energie, tolik siln\u00e1 a z\u00e1rove\u0148 k\u0159ehk\u00e1, pot\u0159ebuje vedle mu\u017esk\u00e9 s\u00edly posilu. Tu lze hledat v bylin\u00e1ch, kter\u00e9 pozvedaj\u00ed krom\u011b ducha tak\u00e9 \u017eensk\u00e9 ego, l\u00e9\u010d\u00ed r\u016fzn\u00e9 bol\u00edstky, a\u0165 u\u017e ty na du\u0161i nebo na pochv\u011b.","og_url":"https:\/\/aromapflege.tirol\/cs\/poleceni-zenske-energie\/","og_site_name":"aromapflege.tirol","article_published_time":"2021-01-16T21:48:09+00:00","article_modified_time":"2021-03-11T22:54:10+00:00","og_image":[{"width":480,"height":360,"url":"https:\/\/aromapflege.tirol\/wp-content\/uploads\/2021\/01\/IMG_4037-scaled-e1615503233919.jpeg","type":"image\/jpeg"}],"author":"Veronika","twitter_card":"summary_large_image","twitter_misc":{"Napsal(a)":"Veronika","Odhadovan\u00e1 doba \u010dten\u00ed":"3 minuty"},"schema":{"@context":"https:\/\/schema.org","@graph":[{"@type":"Article","@id":"https:\/\/aromapflege.tirol\/cs\/poleceni-zenske-energie\/#article","isPartOf":{"@id":"https:\/\/aromapflege.tirol\/cs\/poleceni-zenske-energie\/"},"author":{"name":"Veronika","@id":"https:\/\/aromapflege.tirol\/cs\/#\/schema\/person\/bac5e755ac463f6bca2cd1c449700ba5"},"headline":"Pol\u00e9\u010den\u00ed \u017eensk\u00e9 energie","datePublished":"2021-01-16T21:48:09+00:00","dateModified":"2021-03-11T22:54:10+00:00","mainEntityOfPage":{"@id":"https:\/\/aromapflege.tirol\/cs\/poleceni-zenske-energie\/"},"wordCount":545,"commentCount":0,"publisher":{"@id":"https:\/\/aromapflege.tirol\/cs\/#\/schema\/person\/bac5e755ac463f6bca2cd1c449700ba5"},"image":{"@id":"https:\/\/aromapflege.tirol\/cs\/poleceni-zenske-energie\/#primaryimage"},"thumbnailUrl":"https:\/\/aromapflege.tirol\/wp-content\/uploads\/2021\/01\/IMG_4037-scaled-e1615503233919.jpeg","keywords":["byliny pro \u017eenu","l\u016fno","\u017eensk\u00e1 sm\u011bs","\u017eensk\u00e9 ego"],"articleSection":["Bylinky"],"inLanguage":"cs","potentialAction":[{"@type":"CommentAction","name":"Comment","target":["https:\/\/aromapflege.tirol\/cs\/poleceni-zenske-energie\/#respond"]}]},{"@type":"WebPage","@id":"https:\/\/aromapflege.tirol\/cs\/poleceni-zenske-energie\/","url":"https:\/\/aromapflege.tirol\/cs\/poleceni-zenske-energie\/","name":"Pol\u00e9\u010den\u00ed \u017eensk\u00e9 energie - aromapflege.tirol","isPartOf":{"@id":"https:\/\/aromapflege.tirol\/cs\/#website"},"primaryImageOfPage":{"@id":"https:\/\/aromapflege.tirol\/cs\/poleceni-zenske-energie\/#primaryimage"},"image":{"@id":"https:\/\/aromapflege.tirol\/cs\/poleceni-zenske-energie\/#primaryimage"},"thumbnailUrl":"https:\/\/aromapflege.tirol\/wp-content\/uploads\/2021\/01\/IMG_4037-scaled-e1615503233919.jpeg","datePublished":"2021-01-16T21:48:09+00:00","dateModified":"2021-03-11T22:54:10+00:00","breadcrumb":{"@id":"https:\/\/aromapflege.tirol\/cs\/poleceni-zenske-energie\/#breadcrumb"},"inLanguage":"cs","potentialAction":[{"@type":"ReadAction","target":["https:\/\/aromapflege.tirol\/cs\/poleceni-zenske-energie\/"]}]},{"@type":"ImageObject","inLanguage":"cs","@id":"https:\/\/aromapflege.tirol\/cs\/poleceni-zenske-energie\/#primaryimage","url":"https:\/\/aromapflege.tirol\/wp-content\/uploads\/2021\/01\/IMG_4037-scaled-e1615503233919.jpeg","contentUrl":"https:\/\/aromapflege.tirol\/wp-content\/uploads\/2021\/01\/IMG_4037-scaled-e1615503233919.jpeg","width":480,"height":360},{"@type":"BreadcrumbList","@id":"https:\/\/aromapflege.tirol\/cs\/poleceni-zenske-energie\/#breadcrumb","itemListElement":[{"@type":"ListItem","position":1,"name":"Dom\u016f","item":"https:\/\/aromapflege.tirol\/cs\/"},{"@type":"ListItem","position":2,"name":"Pol\u00e9\u010den\u00ed \u017eensk\u00e9 energie"}]},{"@type":"WebSite","@id":"https:\/\/aromapflege.tirol\/cs\/#website","url":"https:\/\/aromapflege.tirol\/cs\/","name":"aromapflege.tirol","description":"Kr\u00e4uterkunde\/Aromaterapie, bylinky, zdrav\u00fd \u017eivotn\u00ed styl","publisher":{"@id":"https:\/\/aromapflege.tirol\/cs\/#\/schema\/person\/bac5e755ac463f6bca2cd1c449700ba5"},"potentialAction":[{"@type":"SearchAction","target":{"@type":"EntryPoint","urlTemplate":"https:\/\/aromapflege.tirol\/cs\/?s={search_term_string}"},"query-input":{"@type":"PropertyValueSpecification","valueRequired":true,"valueName":"search_term_string"}}],"inLanguage":"cs"},{"@type":["Person","Organization"],"@id":"https:\/\/aromapflege.tirol\/cs\/#\/schema\/person\/bac5e755ac463f6bca2cd1c449700ba5","name":"Veronika","image":{"@type":"ImageObject","inLanguage":"cs","@id":"https:\/\/aromapflege.tirol\/wp-content\/uploads\/2020\/11\/NemcovaLogo2.png","url":"https:\/\/aromapflege.tirol\/wp-content\/uploads\/2020\/11\/NemcovaLogo2.png","contentUrl":"https:\/\/aromapflege.tirol\/wp-content\/uploads\/2020\/11\/NemcovaLogo2.png","width":1916,"height":1229,"caption":"Veronika"},"logo":{"@id":"https:\/\/aromapflege.tirol\/wp-content\/uploads\/2020\/11\/NemcovaLogo2.png"},"url":"https:\/\/aromapflege.tirol\/cs\/author\/admin4632\/"}]}},"_links":{"self":[{"href":"https:\/\/aromapflege.tirol\/cs\/wp-json\/wp\/v2\/posts\/2740","targetHints":{"allow":["GET"]}}],"collection":[{"href":"https:\/\/aromapflege.tirol\/cs\/wp-json\/wp\/v2\/posts"}],"about":[{"href":"https:\/\/aromapflege.tirol\/cs\/wp-json\/wp\/v2\/types\/post"}],"author":[{"embeddable":true,"href":"https:\/\/aromapflege.tirol\/cs\/wp-json\/wp\/v2\/users\/1"}],"replies":[{"embeddable":true,"href":"https:\/\/aromapflege.tirol\/cs\/wp-json\/wp\/v2\/comments?post=2740"}],"version-history":[{"count":5,"href":"https:\/\/aromapflege.tirol\/cs\/wp-json\/wp\/v2\/posts\/2740\/revisions"}],"predecessor-version":[{"id":5917,"href":"https:\/\/aromapflege.tirol\/cs\/wp-json\/wp\/v2\/posts\/2740\/revisions\/5917"}],"wp:featuredmedia":[{"embeddable":true,"href":"https:\/\/aromapflege.tirol\/cs\/wp-json\/wp\/v2\/media\/2741"}],"wp:attachment":[{"href":"https:\/\/aromapflege.tirol\/cs\/wp-json\/wp\/v2\/media?parent=2740"}],"wp:term":[{"taxonomy":"category","embeddable":true,"href":"https:\/\/aromapflege.tirol\/cs\/wp-json\/wp\/v2\/categories?post=2740"},{"taxonomy":"post_tag","embeddable":true,"href":"https:\/\/aromapflege.tirol\/cs\/wp-json\/wp\/v2\/tags?post=2740"}],"curies":[{"name":"wp","href":"https:\/\/api.w.org\/{rel}","templated":true}]}}