{"id":169,"date":"2020-12-02T14:12:32","date_gmt":"2020-12-02T13:12:32","guid":{"rendered":"https:\/\/aromapflege.tirol\/?p=169"},"modified":"2021-05-05T22:01:00","modified_gmt":"2021-05-05T20:01:00","slug":"macerat-nebo-tinkturu","status":"publish","type":"post","link":"https:\/\/aromapflege.tirol\/cs\/macerat-nebo-tinkturu\/","title":{"rendered":"Macer\u00e1t nebo tinkturu?"},"content":{"rendered":"[et_pb_section fb_built=&#8220;1&#8243; admin_label=&#8220;section&#8220; _builder_version=&#8220;3.22&#8243;][et_pb_row admin_label=&#8220;row&#8220; _builder_version=&#8220;3.25&#8243; background_size=&#8220;initial&#8220; background_position=&#8220;top_left&#8220; background_repeat=&#8220;repeat&#8220;][et_pb_column type=&#8220;4_4&#8243; _builder_version=&#8220;3.25&#8243; custom_padding=&#8220;|||&#8220; custom_padding__hover=&#8220;|||&#8220;][et_pb_text admin_label=&#8220;Text&#8220; _builder_version=&#8220;4.9.4&#8243; background_size=&#8220;initial&#8220; background_position=&#8220;top_left&#8220; background_repeat=&#8220;repeat&#8220; hover_enabled=&#8220;0&#8243; sticky_enabled=&#8220;0&#8243;]<p><em>Jak se macer\u00e1t\/tinktura z\u00edsk\u00e1v\u00e1? Na co je dobr\u00e9 d\u00e1t si p\u0159i p\u0159\u00edprav\u011b pozor? Jak dlouho se maceruje? Co je v\u016fbec macer\u00e1t a co tinktura? Zjednodu\u0161en\u011b \u0159e\u010deno: macer\u00e1t se z\u00edsk\u00e1v\u00e1 olejem, tinktura alkoholem. V\u00a0obou p\u0159\u00edpadech jde o extrakt<\/em>.<\/p>\n<p><\/p>\n<p><\/p>\n<h2>Extrakt je&#8230;<\/h2>\n<p>A te\u010f, co je to ten extrakt? Extrakt poch\u00e1z\u00ed z\u00a0latinsk\u00e9ho v\u00fdrazu\u00a0<em>extractum<\/em>, co\u017e znamen\u00e1 odd\u011blit, odtrhnout, vyt\u00e1hnout. Nap\u0159\u00edklad extrakce zub\u016f je celkem zn\u00e1m\u00fd v\u00fdraz \u2013 bolav\u00fd zub se mus\u00ed vytrhnout z\u00a0d\u00e1sn\u011b. Rad\u011bji tomu ale p\u0159edejdeme a p\u0159iprav\u00edme si vhodnou tinkturu, kterou lze pou\u017e\u00edt do kloktadla.<\/p>\n<p><\/p>\n<p><\/p>\n<p>Extrakc\u00ed odd\u011blujeme \u00fa\u010dinn\u00e9 l\u00e1tky rostliny do n\u011bjak\u00e9ho z\u00e1kladu, kter\u00fdm\u00a0<strong>m\u016f\u017ee b\u00fdt jak\u00e9koliv rozpou\u0161t\u011bdlo.<\/strong>\u00a0Ve fytoterapii se pou\u017e\u00edv\u00e1<strong>\u00a0nej\u010dast\u011bji olej\/tuk a nebo alkohol.<\/strong>\u00a0Maj\u00ed schopnost vyt\u00e1hnout z\u00a0rostliny pro n\u00e1s zaj\u00edmav\u00e9 a \u00fa\u010dinn\u00e9 slo\u017eky a ponechat je v\u00a0sob\u011b. Nasaj\u00ed je do sebe. V\u00fdsledn\u00fdm produktem je pak macer\u00e1t nebo tinktura, oboj\u00ed jsou extraktem, tedy v\u00fdta\u017ekem z\u00a0bylin.<\/p>\n<p><\/p>\n<p>Dokonce existuj\u00ed pharmaceutick\u00e9 normy, kter\u00e9 p\u0159esn\u011b ur\u010duj\u00ed, co je u\u017e extrakt a co ne. Procento vyluhovan\u00e9 l\u00e1tky se pak p\u00ed\u0161e u jej\u00edho n\u00e1zvu, n\u011bkdy uveden\u00e9 \u010d\u00edslo ud\u00e1v\u00e1 po\u010det mg konkr\u00e9tn\u00ed l\u00e1tky, kter\u00e1 se extrakc\u00ed z\u00edskala. Pro na\u0161e dom\u00e1c\u00ed pot\u0159eby toto nen\u00ed nutn\u00e9.<\/p>\n<p><\/p>\n<p><\/p>\n<h2 class=\"wp-block-heading\">Jak\u00e9 jsou v\u00fdhody a nev\u00fdhody pou\u017eit\u00ed macer\u00e1tu \u010di tinktury?<\/h2>\n<p><\/p>\n<p><strong>Macer\u00e1t<\/strong>\u00a0je skv\u011bl\u00fd\u00a0<strong>hlavn\u011b na vn\u011bj\u0161\u00ed pou\u017eit\u00ed<\/strong>. Lehce se rozt\u00edr\u00e1 na k\u016f\u017ei a lze ho vyu\u017e\u00edt i na v\u011bt\u0161\u00ed plochy, k mas\u00e1\u017ei cel\u00e9ho t\u011bla, pro t\u011bhotn\u00e9 a pro mal\u00e9 d\u011bti. Nev\u00fdhodou je, \u017ee nem\u00e1 dlouhou trvanlivost.<\/p>\n<p><\/p>\n<p><strong>Tinkturu lze pou\u017e\u00edt jak na vn\u011bj\u0161\u00ed, tak na vnit\u0159n\u00ed<\/strong>\u00a0u\u017e\u00edv\u00e1n\u00ed formou kapek. Alkohol v\u0161ak nen\u00ed vhodn\u00fd t\u0159eba pro t\u011bhotn\u00e9 \u017eeny a mal\u00e9 d\u011bti a tak\u00e9 vysu\u0161uje poko\u017eku, co\u017e je t\u0159eba zohlednit.\u00a0<strong>Na drobn\u00e9 ranky, bodnut\u00ed hmyzem nebo k\u00a0pot\u00edr\u00e1n\u00ed bradavic<\/strong>\u00a0je v\u0161ak tinktura ide\u00e1ln\u00ed. Jeho v\u00fdhodou tak\u00e9 je, \u017ee m\u00e1 vlastn\u011b neomezenou \u017eivotnost.<\/p>\n<p><\/p>\n<p><\/p>\n<h2 class=\"wp-block-heading\">Co je celkem d\u016fle\u017eit\u00e9 p\u0159ed p\u0159\u00edpravou macer\u00e1tu nebo tinktury<\/h2>\n<p><\/p>\n<p>Pokud si macer\u00e1t \u010di tinkturu vyr\u00e1b\u00edme k\u00a0l\u00e9\u010debn\u00fdm \u00fa\u010del\u016fm, je vhodn\u00e9 zam\u011b\u0159it se pr\u00e1v\u011b na to,\u00a0<strong>jak\u00e9 l\u00e1tky z rostliny chceme z\u00edskat a co m\u00e1me v\u00a0\u00famyslu z\u00a0n\u00ed vyrobit<\/strong>. Stanovit si z\u00e1m\u011br a uv\u011bdomit si, k\u00a0\u010demu n\u00e1m m\u00e1 v\u00fdsledn\u00fd produkt slou\u017eit. Podle toho pak vol\u00edme vhodn\u00fd nosi\u010d, tedy tu slo\u017eku, ve kter\u00e9 budeme extrahovat.<\/p>\n<p>V kurzu Bylinn\u00e9 tinktury si pov\u00edd\u00e1me pr\u00e1v\u011b o t\u011bchto vychyt\u00e1vk\u00e1ch tinktur.<\/p>\n<p><!-- \/wp:post-content --><\/p>\n<p><!-- wp:heading --><\/p>\n<p><!-- wp:paragraph --><\/p>\n<p><!-- \/wp:paragraph --><\/p>[\/et_pb_text][\/et_pb_column][\/et_pb_row][\/et_pb_section]","protected":false},"excerpt":{"rendered":"<p>Jak se macer\u00e1t\/tinktura z\u00edsk\u00e1v\u00e1? Na co je dobr\u00e9 d\u00e1t si p\u0159i p\u0159\u00edprav\u011b pozor? Jak dlouho se maceruje? Co je v\u016fbec macer\u00e1t a co tinktura? Zjednodu\u0161en\u011b \u0159e\u010deno: macer\u00e1t se z\u00edsk\u00e1v\u00e1 olejem, tinktura alkoholem. V\u00a0obou p\u0159\u00edpadech jde o extrakt. Extrakt je&#8230; A te\u010f, co je to ten extrakt? Extrakt poch\u00e1z\u00ed z\u00a0latinsk\u00e9ho v\u00fdrazu\u00a0extractum, co\u017e znamen\u00e1 odd\u011blit, odtrhnout, vyt\u00e1hnout. [&hellip;]<\/p>\n","protected":false},"author":1,"featured_media":870,"comment_status":"open","ping_status":"closed","sticky":false,"template":"","format":"standard","meta":{"_et_pb_use_builder":"on","_et_pb_old_content":"<!-- wp:paragraph -->\r\n<p><em>Jak se macer\u00e1t\/tinktura z\u00edsk\u00e1v\u00e1? Na co je dobr\u00e9 d\u00e1t si p\u0159i p\u0159\u00edprav\u011b pozor? Jak dlouho se maceruje? Co je v\u016fbec macer\u00e1t a co tinktura? Zjednodu\u0161en\u011b \u0159e\u010deno: macer\u00e1t se z\u00edsk\u00e1v\u00e1 olejem, tinktura alkoholem. V\u00a0obou p\u0159\u00edpadech jde o extrakt<\/em>.<\/p>\r\n<!-- \/wp:paragraph -->\r\n\r\n<!-- wp:paragraph -->\r\n<h2>Extrakt je...<\/h2>\r\n<p>A te\u010f, co je to ten extrakt? Extrakt poch\u00e1z\u00ed z\u00a0latinsk\u00e9ho v\u00fdrazu\u00a0<em>extractum<\/em>, co\u017e znamen\u00e1 odd\u011blit, odtrhnout, vyt\u00e1hnout. Nap\u0159\u00edklad extrakce zub\u016f je celkem zn\u00e1m\u00fd v\u00fdraz \u2013 bolav\u00fd zub se mus\u00ed vytrhnout z\u00a0d\u00e1sn\u011b. Rad\u011bji tomu ale p\u0159edejdeme a p\u0159iprav\u00edme si vhodnou tinkturu, kterou lze pou\u017e\u00edt do kloktadla.<\/p>\r\n<!-- \/wp:paragraph -->\r\n\r\n<!-- wp:paragraph --><!-- \/wp:paragraph -->\r\n\r\n<!-- wp:paragraph -->\r\n<p>Extrakc\u00ed odd\u011blujeme \u00fa\u010dinn\u00e9 l\u00e1tky rostliny do n\u011bjak\u00e9ho z\u00e1kladu, kter\u00fdm\u00a0<strong>m\u016f\u017ee b\u00fdt jak\u00e9koliv rozpou\u0161t\u011bdlo.<\/strong>\u00a0Ve fytoterapii se pou\u017e\u00edv\u00e1<strong>\u00a0nej\u010dast\u011bji olej\/tuk a nebo alkohol.<\/strong>\u00a0Maj\u00ed schopnost vyt\u00e1hnout z\u00a0rostliny pro n\u00e1s zaj\u00edmav\u00e9 a \u00fa\u010dinn\u00e9 slo\u017eky a ponechat je v\u00a0sob\u011b. Nasaj\u00ed je do sebe. V\u00fdsledn\u00fdm produktem je pak macer\u00e1t nebo tinktura, oboj\u00ed jsou extraktem, tedy v\u00fdta\u017ekem z\u00a0bylin.<\/p>\r\n<!-- \/wp:paragraph -->\r\n\r\n<!-- wp:paragraph -->\r\n<p>Dokonce existuj\u00ed pharmaceutick\u00e9 normy, kter\u00e9 p\u0159esn\u011b ur\u010duj\u00ed, co je u\u017e extrakt a co ne. Procento vyluhovan\u00e9 l\u00e1tky se pak p\u00ed\u0161e u jej\u00edho n\u00e1zvu, n\u011bkdy uveden\u00e9 \u010d\u00edslo ud\u00e1v\u00e1 po\u010det mg konkr\u00e9tn\u00ed l\u00e1tky, kter\u00e1 se extrakc\u00ed z\u00edskala. Pro na\u0161e dom\u00e1c\u00ed pot\u0159eby toto nen\u00ed nutn\u00e9.<\/p>\r\n<!-- \/wp:paragraph -->\r\n\r\n<!-- wp:heading -->\r\n<h2>Co je na co dobr\u00e9? V\u00fdhody a nev\u00fdhody<\/h2>\r\n<!-- \/wp:heading -->\r\n\r\n<!-- wp:paragraph -->\r\n<p><strong>Macer\u00e1t<\/strong>\u00a0je skv\u011bl\u00fd\u00a0<strong>hlavn\u011b na vn\u011bj\u0161\u00ed pou\u017eit\u00ed<\/strong>. Lehce se rozt\u00edr\u00e1 na k\u016f\u017ei a lze ho vyu\u017e\u00edt i na v\u011bt\u0161\u00ed plochy, k mas\u00e1\u017ei cel\u00e9ho t\u011bla, pro t\u011bhotn\u00e9 a pro mal\u00e9 d\u011bti. Nev\u00fdhodou je, \u017ee nem\u00e1 dlouhou trvanlivost.<\/p>\r\n<!-- \/wp:paragraph -->\r\n\r\n<!-- wp:paragraph -->\r\n<p><strong>Tinkturu lze pou\u017e\u00edt jak na vn\u011bj\u0161\u00ed, tak na vnit\u0159n\u00ed<\/strong>\u00a0u\u017e\u00edv\u00e1n\u00ed formou kapek. Alkohol v\u0161ak nen\u00ed vhodn\u00fd t\u0159eba pro t\u011bhotn\u00e9 \u017eeny a mal\u00e9 d\u011bti a tak\u00e9 vysu\u0161uje poko\u017eku, co\u017e je t\u0159eba zohlednit.\u00a0<strong>Na drobn\u00e9 ranky, bodnut\u00ed hmyzem nebo k\u00a0pot\u00edr\u00e1n\u00ed bradavic<\/strong>\u00a0je v\u0161ak tinktura ide\u00e1ln\u00ed. Jeho v\u00fdhodou tak\u00e9 je, \u017ee m\u00e1 vlastn\u011b neomezenou \u017eivotnost.<\/p>\r\n<!-- \/wp:paragraph -->\r\n\r\n<!-- wp:heading -->\r\n<h2>Co je celkem d\u016fle\u017eit\u00e9 p\u0159ed p\u0159\u00edpravou macer\u00e1tu nebo tinktury<\/h2>\r\n<!-- \/wp:heading -->\r\n\r\n<!-- wp:paragraph -->\r\n<p>Pokud si macer\u00e1t \u010di tinkturu vyr\u00e1b\u00edme k\u00a0l\u00e9\u010debn\u00fdm \u00fa\u010del\u016fm, je vhodn\u00e9 zam\u011b\u0159it se pr\u00e1v\u011b na to,\u00a0<strong>jak\u00e9 l\u00e1tky z rostliny chceme z\u00edskat a co m\u00e1me v\u00a0\u00famyslu z\u00a0n\u00ed vyrobit<\/strong>. Stanovit si z\u00e1m\u011br a uv\u011bdomit si, k\u00a0\u010demu n\u00e1m m\u00e1 v\u00fdsledn\u00fd produkt slou\u017eit. Podle toho pak vol\u00edme vhodn\u00fd nosi\u010d, tedy tu slo\u017eku, ve kter\u00e9 budeme extrahovat.<\/p>\r\n<!-- \/wp:paragraph -->\r\n\r\n<!-- wp:heading -->\r\n<h2>Jak se macer\u00e1t \u010di tinktura vyr\u00e1b\u00ed?<\/h2>\r\n<!-- \/wp:heading -->\r\n\r\n<!-- wp:paragraph -->\r\n<p>Je to tak jednoduch\u00e9, \u017ee to zvl\u00e1dne i d\u00edt\u011b. Cel\u00e1 technologie v\u00fdroby macar\u00e1tu \u010di tinktury je opravdu nen\u00e1ro\u010dn\u00e1.\u00a0<\/p>\r\n<!-- \/wp:paragraph -->\r\n<p>&nbsp;<\/p>\r\n<!-- wp:paragraph -->\r\n<p>&nbsp;<\/p>\r\n<!-- \/wp:paragraph -->","_et_gb_content_width":"","footnotes":""},"categories":[6],"tags":[24,23,21,19,20,22],"class_list":["post-169","post","type-post","status-publish","format-standard","has-post-thumbnail","hentry","category-recepty","tag-bylinny-extrakt","tag-extrakt","tag-macerace","tag-macerat","tag-tinktura","tag-vyroba-tinktur"],"yoast_head":"<!-- This site is optimized with the Yoast SEO plugin v27.5 - https:\/\/yoast.com\/product\/yoast-seo-wordpress\/ -->\n<title>Macer\u00e1t nebo tinkturu? - aromapflege.tirol<\/title>\n<meta name=\"robots\" content=\"index, follow, max-snippet:-1, max-image-preview:large, max-video-preview:-1\" \/>\n<link rel=\"canonical\" href=\"https:\/\/aromapflege.tirol\/cs\/macerat-nebo-tinkturu\/\" \/>\n<meta property=\"og:locale\" content=\"cs_CZ\" \/>\n<meta property=\"og:type\" content=\"article\" \/>\n<meta property=\"og:title\" content=\"Macer\u00e1t nebo tinkturu? - aromapflege.tirol\" \/>\n<meta property=\"og:description\" content=\"Jak se macer\u00e1t\/tinktura z\u00edsk\u00e1v\u00e1? Na co je dobr\u00e9 d\u00e1t si p\u0159i p\u0159\u00edprav\u011b pozor? Jak dlouho se maceruje? Co je v\u016fbec macer\u00e1t a co tinktura? Zjednodu\u0161en\u011b \u0159e\u010deno: macer\u00e1t se z\u00edsk\u00e1v\u00e1 olejem, tinktura alkoholem. V\u00a0obou p\u0159\u00edpadech jde o extrakt. Extrakt je... A te\u010f, co je to ten extrakt? Extrakt poch\u00e1z\u00ed z\u00a0latinsk\u00e9ho v\u00fdrazu\u00a0extractum, co\u017e znamen\u00e1 odd\u011blit, odtrhnout, vyt\u00e1hnout. [&hellip;]\" \/>\n<meta property=\"og:url\" content=\"https:\/\/aromapflege.tirol\/cs\/macerat-nebo-tinkturu\/\" \/>\n<meta property=\"og:site_name\" content=\"aromapflege.tirol\" \/>\n<meta property=\"article:published_time\" content=\"2020-12-02T13:12:32+00:00\" \/>\n<meta property=\"article:modified_time\" content=\"2021-05-05T20:01:00+00:00\" \/>\n<meta property=\"og:image\" content=\"https:\/\/aromapflege.tirol\/wp-content\/uploads\/2020\/12\/Design-ohne-Titel-2-1030x539-1-e1611433951529.png\" \/>\n\t<meta property=\"og:image:width\" content=\"479\" \/>\n\t<meta property=\"og:image:height\" content=\"359\" \/>\n\t<meta property=\"og:image:type\" content=\"image\/png\" \/>\n<meta name=\"author\" content=\"Veronika\" \/>\n<meta name=\"twitter:card\" content=\"summary_large_image\" \/>\n<meta name=\"twitter:label1\" content=\"Napsal(a)\" \/>\n\t<meta name=\"twitter:data1\" content=\"Veronika\" \/>\n\t<meta name=\"twitter:label2\" content=\"Odhadovan\u00e1 doba \u010dten\u00ed\" \/>\n\t<meta name=\"twitter:data2\" content=\"3 minuty\" \/>\n<script type=\"application\/ld+json\" class=\"yoast-schema-graph\">{\"@context\":\"https:\\\/\\\/schema.org\",\"@graph\":[{\"@type\":\"Article\",\"@id\":\"https:\\\/\\\/aromapflege.tirol\\\/cs\\\/macerat-nebo-tinkturu\\\/#article\",\"isPartOf\":{\"@id\":\"https:\\\/\\\/aromapflege.tirol\\\/cs\\\/macerat-nebo-tinkturu\\\/\"},\"author\":{\"name\":\"Veronika\",\"@id\":\"https:\\\/\\\/aromapflege.tirol\\\/cs\\\/#\\\/schema\\\/person\\\/bac5e755ac463f6bca2cd1c449700ba5\"},\"headline\":\"Macer\u00e1t nebo tinkturu?\",\"datePublished\":\"2020-12-02T13:12:32+00:00\",\"dateModified\":\"2021-05-05T20:01:00+00:00\",\"mainEntityOfPage\":{\"@id\":\"https:\\\/\\\/aromapflege.tirol\\\/cs\\\/macerat-nebo-tinkturu\\\/\"},\"wordCount\":568,\"commentCount\":0,\"publisher\":{\"@id\":\"https:\\\/\\\/aromapflege.tirol\\\/cs\\\/#\\\/schema\\\/person\\\/bac5e755ac463f6bca2cd1c449700ba5\"},\"image\":{\"@id\":\"https:\\\/\\\/aromapflege.tirol\\\/cs\\\/macerat-nebo-tinkturu\\\/#primaryimage\"},\"thumbnailUrl\":\"https:\\\/\\\/aromapflege.tirol\\\/wp-content\\\/uploads\\\/2020\\\/12\\\/Design-ohne-Titel-2-1030x539-1-e1611433951529.png\",\"keywords\":[\"bylinn\u00fd extrakt\",\"extrakt\",\"macerace\",\"macer\u00e1t\",\"tinktura\",\"v\u00fdroba tinktur\"],\"articleSection\":[\"Recepty &amp; n\u00e1vody\"],\"inLanguage\":\"cs\",\"potentialAction\":[{\"@type\":\"CommentAction\",\"name\":\"Comment\",\"target\":[\"https:\\\/\\\/aromapflege.tirol\\\/cs\\\/macerat-nebo-tinkturu\\\/#respond\"]}]},{\"@type\":\"WebPage\",\"@id\":\"https:\\\/\\\/aromapflege.tirol\\\/cs\\\/macerat-nebo-tinkturu\\\/\",\"url\":\"https:\\\/\\\/aromapflege.tirol\\\/cs\\\/macerat-nebo-tinkturu\\\/\",\"name\":\"Macer\u00e1t nebo tinkturu? - aromapflege.tirol\",\"isPartOf\":{\"@id\":\"https:\\\/\\\/aromapflege.tirol\\\/cs\\\/#website\"},\"primaryImageOfPage\":{\"@id\":\"https:\\\/\\\/aromapflege.tirol\\\/cs\\\/macerat-nebo-tinkturu\\\/#primaryimage\"},\"image\":{\"@id\":\"https:\\\/\\\/aromapflege.tirol\\\/cs\\\/macerat-nebo-tinkturu\\\/#primaryimage\"},\"thumbnailUrl\":\"https:\\\/\\\/aromapflege.tirol\\\/wp-content\\\/uploads\\\/2020\\\/12\\\/Design-ohne-Titel-2-1030x539-1-e1611433951529.png\",\"datePublished\":\"2020-12-02T13:12:32+00:00\",\"dateModified\":\"2021-05-05T20:01:00+00:00\",\"breadcrumb\":{\"@id\":\"https:\\\/\\\/aromapflege.tirol\\\/cs\\\/macerat-nebo-tinkturu\\\/#breadcrumb\"},\"inLanguage\":\"cs\",\"potentialAction\":[{\"@type\":\"ReadAction\",\"target\":[\"https:\\\/\\\/aromapflege.tirol\\\/cs\\\/macerat-nebo-tinkturu\\\/\"]}]},{\"@type\":\"ImageObject\",\"inLanguage\":\"cs\",\"@id\":\"https:\\\/\\\/aromapflege.tirol\\\/cs\\\/macerat-nebo-tinkturu\\\/#primaryimage\",\"url\":\"https:\\\/\\\/aromapflege.tirol\\\/wp-content\\\/uploads\\\/2020\\\/12\\\/Design-ohne-Titel-2-1030x539-1-e1611433951529.png\",\"contentUrl\":\"https:\\\/\\\/aromapflege.tirol\\\/wp-content\\\/uploads\\\/2020\\\/12\\\/Design-ohne-Titel-2-1030x539-1-e1611433951529.png\",\"width\":479,\"height\":359,\"caption\":\"Tinktura i macer\u00e1t z arniky se p\u0159ipravuj\u00ed z okv\u011btn\u00edch l\u00edstk\u016f.\"},{\"@type\":\"BreadcrumbList\",\"@id\":\"https:\\\/\\\/aromapflege.tirol\\\/cs\\\/macerat-nebo-tinkturu\\\/#breadcrumb\",\"itemListElement\":[{\"@type\":\"ListItem\",\"position\":1,\"name\":\"Dom\u016f\",\"item\":\"https:\\\/\\\/aromapflege.tirol\\\/cs\\\/\"},{\"@type\":\"ListItem\",\"position\":2,\"name\":\"Macer\u00e1t nebo tinkturu?\"}]},{\"@type\":\"WebSite\",\"@id\":\"https:\\\/\\\/aromapflege.tirol\\\/cs\\\/#website\",\"url\":\"https:\\\/\\\/aromapflege.tirol\\\/cs\\\/\",\"name\":\"aromapflege.tirol\",\"description\":\"Kr\u00e4uterkunde\\\/Aromaterapie, bylinky, zdrav\u00fd \u017eivotn\u00ed styl\",\"publisher\":{\"@id\":\"https:\\\/\\\/aromapflege.tirol\\\/cs\\\/#\\\/schema\\\/person\\\/bac5e755ac463f6bca2cd1c449700ba5\"},\"potentialAction\":[{\"@type\":\"SearchAction\",\"target\":{\"@type\":\"EntryPoint\",\"urlTemplate\":\"https:\\\/\\\/aromapflege.tirol\\\/cs\\\/?s={search_term_string}\"},\"query-input\":{\"@type\":\"PropertyValueSpecification\",\"valueRequired\":true,\"valueName\":\"search_term_string\"}}],\"inLanguage\":\"cs\"},{\"@type\":[\"Person\",\"Organization\"],\"@id\":\"https:\\\/\\\/aromapflege.tirol\\\/cs\\\/#\\\/schema\\\/person\\\/bac5e755ac463f6bca2cd1c449700ba5\",\"name\":\"Veronika\",\"image\":{\"@type\":\"ImageObject\",\"inLanguage\":\"cs\",\"@id\":\"https:\\\/\\\/aromapflege.tirol\\\/wp-content\\\/uploads\\\/2020\\\/11\\\/NemcovaLogo2.png\",\"url\":\"https:\\\/\\\/aromapflege.tirol\\\/wp-content\\\/uploads\\\/2020\\\/11\\\/NemcovaLogo2.png\",\"contentUrl\":\"https:\\\/\\\/aromapflege.tirol\\\/wp-content\\\/uploads\\\/2020\\\/11\\\/NemcovaLogo2.png\",\"width\":1916,\"height\":1229,\"caption\":\"Veronika\"},\"logo\":{\"@id\":\"https:\\\/\\\/aromapflege.tirol\\\/wp-content\\\/uploads\\\/2020\\\/11\\\/NemcovaLogo2.png\"},\"url\":\"https:\\\/\\\/aromapflege.tirol\\\/cs\\\/author\\\/admin4632\\\/\"}]}<\/script>\n<!-- \/ Yoast SEO plugin. -->","yoast_head_json":{"title":"Macer\u00e1t nebo tinkturu? - aromapflege.tirol","robots":{"index":"index","follow":"follow","max-snippet":"max-snippet:-1","max-image-preview":"max-image-preview:large","max-video-preview":"max-video-preview:-1"},"canonical":"https:\/\/aromapflege.tirol\/cs\/macerat-nebo-tinkturu\/","og_locale":"cs_CZ","og_type":"article","og_title":"Macer\u00e1t nebo tinkturu? - aromapflege.tirol","og_description":"Jak se macer\u00e1t\/tinktura z\u00edsk\u00e1v\u00e1? Na co je dobr\u00e9 d\u00e1t si p\u0159i p\u0159\u00edprav\u011b pozor? Jak dlouho se maceruje? Co je v\u016fbec macer\u00e1t a co tinktura? Zjednodu\u0161en\u011b \u0159e\u010deno: macer\u00e1t se z\u00edsk\u00e1v\u00e1 olejem, tinktura alkoholem. V\u00a0obou p\u0159\u00edpadech jde o extrakt. Extrakt je... A te\u010f, co je to ten extrakt? Extrakt poch\u00e1z\u00ed z\u00a0latinsk\u00e9ho v\u00fdrazu\u00a0extractum, co\u017e znamen\u00e1 odd\u011blit, odtrhnout, vyt\u00e1hnout. [&hellip;]","og_url":"https:\/\/aromapflege.tirol\/cs\/macerat-nebo-tinkturu\/","og_site_name":"aromapflege.tirol","article_published_time":"2020-12-02T13:12:32+00:00","article_modified_time":"2021-05-05T20:01:00+00:00","og_image":[{"width":479,"height":359,"url":"https:\/\/aromapflege.tirol\/wp-content\/uploads\/2020\/12\/Design-ohne-Titel-2-1030x539-1-e1611433951529.png","type":"image\/png"}],"author":"Veronika","twitter_card":"summary_large_image","twitter_misc":{"Napsal(a)":"Veronika","Odhadovan\u00e1 doba \u010dten\u00ed":"3 minuty"},"schema":{"@context":"https:\/\/schema.org","@graph":[{"@type":"Article","@id":"https:\/\/aromapflege.tirol\/cs\/macerat-nebo-tinkturu\/#article","isPartOf":{"@id":"https:\/\/aromapflege.tirol\/cs\/macerat-nebo-tinkturu\/"},"author":{"name":"Veronika","@id":"https:\/\/aromapflege.tirol\/cs\/#\/schema\/person\/bac5e755ac463f6bca2cd1c449700ba5"},"headline":"Macer\u00e1t nebo tinkturu?","datePublished":"2020-12-02T13:12:32+00:00","dateModified":"2021-05-05T20:01:00+00:00","mainEntityOfPage":{"@id":"https:\/\/aromapflege.tirol\/cs\/macerat-nebo-tinkturu\/"},"wordCount":568,"commentCount":0,"publisher":{"@id":"https:\/\/aromapflege.tirol\/cs\/#\/schema\/person\/bac5e755ac463f6bca2cd1c449700ba5"},"image":{"@id":"https:\/\/aromapflege.tirol\/cs\/macerat-nebo-tinkturu\/#primaryimage"},"thumbnailUrl":"https:\/\/aromapflege.tirol\/wp-content\/uploads\/2020\/12\/Design-ohne-Titel-2-1030x539-1-e1611433951529.png","keywords":["bylinn\u00fd extrakt","extrakt","macerace","macer\u00e1t","tinktura","v\u00fdroba tinktur"],"articleSection":["Recepty &amp; n\u00e1vody"],"inLanguage":"cs","potentialAction":[{"@type":"CommentAction","name":"Comment","target":["https:\/\/aromapflege.tirol\/cs\/macerat-nebo-tinkturu\/#respond"]}]},{"@type":"WebPage","@id":"https:\/\/aromapflege.tirol\/cs\/macerat-nebo-tinkturu\/","url":"https:\/\/aromapflege.tirol\/cs\/macerat-nebo-tinkturu\/","name":"Macer\u00e1t nebo tinkturu? - aromapflege.tirol","isPartOf":{"@id":"https:\/\/aromapflege.tirol\/cs\/#website"},"primaryImageOfPage":{"@id":"https:\/\/aromapflege.tirol\/cs\/macerat-nebo-tinkturu\/#primaryimage"},"image":{"@id":"https:\/\/aromapflege.tirol\/cs\/macerat-nebo-tinkturu\/#primaryimage"},"thumbnailUrl":"https:\/\/aromapflege.tirol\/wp-content\/uploads\/2020\/12\/Design-ohne-Titel-2-1030x539-1-e1611433951529.png","datePublished":"2020-12-02T13:12:32+00:00","dateModified":"2021-05-05T20:01:00+00:00","breadcrumb":{"@id":"https:\/\/aromapflege.tirol\/cs\/macerat-nebo-tinkturu\/#breadcrumb"},"inLanguage":"cs","potentialAction":[{"@type":"ReadAction","target":["https:\/\/aromapflege.tirol\/cs\/macerat-nebo-tinkturu\/"]}]},{"@type":"ImageObject","inLanguage":"cs","@id":"https:\/\/aromapflege.tirol\/cs\/macerat-nebo-tinkturu\/#primaryimage","url":"https:\/\/aromapflege.tirol\/wp-content\/uploads\/2020\/12\/Design-ohne-Titel-2-1030x539-1-e1611433951529.png","contentUrl":"https:\/\/aromapflege.tirol\/wp-content\/uploads\/2020\/12\/Design-ohne-Titel-2-1030x539-1-e1611433951529.png","width":479,"height":359,"caption":"Tinktura i macer\u00e1t z arniky se p\u0159ipravuj\u00ed z okv\u011btn\u00edch l\u00edstk\u016f."},{"@type":"BreadcrumbList","@id":"https:\/\/aromapflege.tirol\/cs\/macerat-nebo-tinkturu\/#breadcrumb","itemListElement":[{"@type":"ListItem","position":1,"name":"Dom\u016f","item":"https:\/\/aromapflege.tirol\/cs\/"},{"@type":"ListItem","position":2,"name":"Macer\u00e1t nebo tinkturu?"}]},{"@type":"WebSite","@id":"https:\/\/aromapflege.tirol\/cs\/#website","url":"https:\/\/aromapflege.tirol\/cs\/","name":"aromapflege.tirol","description":"Kr\u00e4uterkunde\/Aromaterapie, bylinky, zdrav\u00fd \u017eivotn\u00ed styl","publisher":{"@id":"https:\/\/aromapflege.tirol\/cs\/#\/schema\/person\/bac5e755ac463f6bca2cd1c449700ba5"},"potentialAction":[{"@type":"SearchAction","target":{"@type":"EntryPoint","urlTemplate":"https:\/\/aromapflege.tirol\/cs\/?s={search_term_string}"},"query-input":{"@type":"PropertyValueSpecification","valueRequired":true,"valueName":"search_term_string"}}],"inLanguage":"cs"},{"@type":["Person","Organization"],"@id":"https:\/\/aromapflege.tirol\/cs\/#\/schema\/person\/bac5e755ac463f6bca2cd1c449700ba5","name":"Veronika","image":{"@type":"ImageObject","inLanguage":"cs","@id":"https:\/\/aromapflege.tirol\/wp-content\/uploads\/2020\/11\/NemcovaLogo2.png","url":"https:\/\/aromapflege.tirol\/wp-content\/uploads\/2020\/11\/NemcovaLogo2.png","contentUrl":"https:\/\/aromapflege.tirol\/wp-content\/uploads\/2020\/11\/NemcovaLogo2.png","width":1916,"height":1229,"caption":"Veronika"},"logo":{"@id":"https:\/\/aromapflege.tirol\/wp-content\/uploads\/2020\/11\/NemcovaLogo2.png"},"url":"https:\/\/aromapflege.tirol\/cs\/author\/admin4632\/"}]}},"_links":{"self":[{"href":"https:\/\/aromapflege.tirol\/cs\/wp-json\/wp\/v2\/posts\/169","targetHints":{"allow":["GET"]}}],"collection":[{"href":"https:\/\/aromapflege.tirol\/cs\/wp-json\/wp\/v2\/posts"}],"about":[{"href":"https:\/\/aromapflege.tirol\/cs\/wp-json\/wp\/v2\/types\/post"}],"author":[{"embeddable":true,"href":"https:\/\/aromapflege.tirol\/cs\/wp-json\/wp\/v2\/users\/1"}],"replies":[{"embeddable":true,"href":"https:\/\/aromapflege.tirol\/cs\/wp-json\/wp\/v2\/comments?post=169"}],"version-history":[{"count":11,"href":"https:\/\/aromapflege.tirol\/cs\/wp-json\/wp\/v2\/posts\/169\/revisions"}],"predecessor-version":[{"id":8508,"href":"https:\/\/aromapflege.tirol\/cs\/wp-json\/wp\/v2\/posts\/169\/revisions\/8508"}],"wp:featuredmedia":[{"embeddable":true,"href":"https:\/\/aromapflege.tirol\/cs\/wp-json\/wp\/v2\/media\/870"}],"wp:attachment":[{"href":"https:\/\/aromapflege.tirol\/cs\/wp-json\/wp\/v2\/media?parent=169"}],"wp:term":[{"taxonomy":"category","embeddable":true,"href":"https:\/\/aromapflege.tirol\/cs\/wp-json\/wp\/v2\/categories?post=169"},{"taxonomy":"post_tag","embeddable":true,"href":"https:\/\/aromapflege.tirol\/cs\/wp-json\/wp\/v2\/tags?post=169"}],"curies":[{"name":"wp","href":"https:\/\/api.w.org\/{rel}","templated":true}]}}